{
    "id": 1494,
    "date": "2025-01-12T12:56:12",
    "date_gmt": "2025-01-12T12:56:12",
    "guid": {
        "rendered": "https:\/\/gregorpraecht.com\/?page_id=1494"
    },
    "modified": "2025-09-13T11:46:34",
    "modified_gmt": "2025-09-13T11:46:34",
    "slug": "biographie",
    "status": "publish",
    "type": "page",
    "link": "http:\/\/gregorpraecht.com\/de\/biographie\/",
    "title": {
        "rendered": "Biographie"
    },
    "content": {
        "rendered": "<p>[et_pb_section fb_built=&#8220;1&#8243; _builder_version=&#8220;4.21.0&#8243; _module_preset=&#8220;default&#8220; background_color=&#8220;#f4f4f4&#8243; background_enable_image=&#8220;off&#8220; background_size=&#8220;contain&#8220; background_position=&#8220;center_left&#8220; custom_margin=&#8220;-22px|||||&#8220; custom_padding=&#8220;3px||22px|||&#8220; global_colors_info=&#8220;{}&#8220;][et_pb_row _builder_version=&#8220;4.21.0&#8243; _module_preset=&#8220;default&#8220; width=&#8220;90%&#8220; max_width=&#8220;2560px&#8220; custom_padding=&#8220;54px||11px|||&#8220; global_colors_info=&#8220;{}&#8220;][et_pb_column type=&#8220;4_4&#8243; _builder_version=&#8220;4.21.0&#8243; _module_preset=&#8220;default&#8220; global_colors_info=&#8220;{}&#8220;][et_pb_text _builder_version=&#8220;4.21.0&#8243; _module_preset=&#8220;default&#8220; header_font=&#8220;Playfair Display||||||||&#8220; header_font_size=&#8220;71px&#8220; header_2_font=&#8220;Playfair Display||||||||&#8220; header_2_text_color=&#8220;#000000&#8243; header_2_font_size=&#8220;36px&#8220; custom_margin=&#8220;|2px||||&#8220; header_font_size_tablet=&#8220;71px&#8220; header_font_size_phone=&#8220;31px&#8220; header_font_size_last_edited=&#8220;on|phone&#8220; header_2_font_size_tablet=&#8220;36px&#8220; header_2_font_size_phone=&#8220;21px&#8220; header_2_font_size_last_edited=&#8220;on|phone&#8220; global_colors_info=&#8220;{}&#8220;]<\/p>\n<h1 style=\"text-align: left;\"><strong>Biographie<\/strong><\/h1>\n<h2 style=\"text-align: left;\">Tenor &#8211; Komponist &#8211; Produzent<\/h2>\n<p>[\/et_pb_text][\/et_pb_column][\/et_pb_row][et_pb_row column_structure=&#8220;2_3,1_3&#8243; _builder_version=&#8220;4.21.0&#8243; _module_preset=&#8220;default&#8220; z_index=&#8220;91&#8243; width=&#8220;90%&#8220; width_tablet=&#8220;90%&#8220; width_phone=&#8220;90%&#8220; width_last_edited=&#8220;on|phone&#8220; max_width=&#8220;2560px&#8220; custom_padding=&#8220;13px|||||&#8220; global_colors_info=&#8220;{}&#8220;][et_pb_column type=&#8220;2_3&#8243; _builder_version=&#8220;4.21.0&#8243; _module_preset=&#8220;default&#8220; global_colors_info=&#8220;{}&#8220;][et_pb_text _builder_version=&#8220;4.21.0&#8243; _module_preset=&#8220;default&#8220; text_font=&#8220;Playfair Display||||||||&#8220; text_text_color=&#8220;#474747&#8243; text_font_size=&#8220;18px&#8220; text_letter_spacing=&#8220;1px&#8220; text_line_height=&#8220;1.4em&#8220; background_color=&#8220;RGBA(255,255,255,0)&#8220; text_orientation=&#8220;justified&#8220; custom_margin=&#8220;||0px||false|false&#8220; custom_padding=&#8220;0px|0px|60px|0px|false|false&#8220; custom_padding_tablet=&#8220;20px|30px|0px|20px|false|false&#8220; custom_padding_phone=&#8220;0px|0px|0px|0px|false|false&#8220; custom_padding_last_edited=&#8220;on|phone&#8220; border_radii=&#8220;on|6px|6px|6px|6px&#8220; border_radii_tablet=&#8220;on|20px|20px|20px|20px&#8220; border_radii_phone=&#8220;on|0px|0px|0px|0px&#8220; border_radii_last_edited=&#8220;on|phone&#8220; global_colors_info=&#8220;{}&#8220;]<\/p>\n<p>Gregor Pr\u00e4cht ist ein vielseitiger Tenor und Musiker, der auch als Texter, Komponist und Produzent erfolgreich ist. Schon in jungen Jahren zeigte er sein Talent, trat mit 11 Jahren auf dem N\u00fcrnberger Christkindlesmarkt auf und sang mit 15 Jahren im United States Army Gospelchor. Er studierte bei renommierten Lehrern wie Carlo Bergonzi und hatte als j\u00fcngster Tenor Auftritte bei den Salzburger Festspielen. Mit 19 Jahren initiierte er Crossover-Projekte mit der Dresdner Philharmonie und tourte sp\u00e4ter durch die USA und Europa.<\/p>\n<p>Er sang und produzierte mit zahlreichen bekannten K\u00fcnstlern, darunter Al Jarreau, Luciano Pavarotti und die Gipsy Kings. Seine Stimme ist auch in der Animationsserie &#8222;Simsala Grimm&#8220; bekannt. Pr\u00e4cht komponierte das Lied &#8222;My Song Lives On&#8220; f\u00fcr die hawaiianische K\u00f6nigin Lili&#8217;uokalani und engagiert sich f\u00fcr wohlt\u00e4tige Zwecke, insbesondere f\u00fcr kranke und Waisenkinder.<\/p>\n<p>Er ist Grammy Voting-Mitglied und erhielt 2019 den Ehrentitel &#8222;Prof. h.c.&#8220; von zwei Universit\u00e4ten f\u00fcr seine musikalischen Leistungen. Seine Karriere umfasst internationale Auftritte, darunter eine Gala mit dem St. Petersburger Symphonieorchester und ausverkaufte Jubil\u00e4umsshows in M\u00fcnchen. Quincy Jones bezeichnete ihn als &#8222;die Stimme der Zukunft und des Heute.&#8220;<\/p>\n<p>[\/et_pb_text][et_pb_toggle title=&#8220;Biographie&#8220; closed_toggle_background_color=&#8220;#FFFFFF&#8220; icon_color=&#8220;#000000&#8243; _builder_version=&#8220;4.21.0&#8243; _module_preset=&#8220;default&#8220; title_text_color=&#8220;#000000&#8243; title_font=&#8220;Playfair Display|700|||||||&#8220; body_font=&#8220;Playfair Display||||||||&#8220; body_text_color=&#8220;#1F1F1F&#8220; body_font_size=&#8220;17px&#8220; z_index=&#8220;500&#8243; border_radii=&#8220;on|20px|20px|20px|20px&#8220; global_colors_info=&#8220;{}&#8220;]<\/p>\n<p>Gregor Pr\u00e4cht ist ein vielseitiger Tenor und Musiker, der sich auch als Texter, Komponist und Produzent einen Namen gemacht hat.<\/p>\n<p>Schon in jungen Jahren zeigte Gregor sein musikalisches Talent. Mit nur 11 Jahren trat er erstmals \u00f6ffentlich als &#8222;Kind des Volkes&#8220; auf dem N\u00fcrnberger Christkindlesmarkt auf. Ein Jahr sp\u00e4ter hatte er bereits seine erste Solopartie in einer Kinderoper am Opernhaus. Im Alter von 15 Jahren sang Gregor im United States Army Gospelchor und leitete seine eigene Band bis zum Abitur.<span> Als j\u00fcngster Tenor aller Zeiten performte Gregor Pr\u00e4cht bei den Salzburger Festspielen\/ Ostergala.<\/span><\/p>\n<p>Seine musikalische Ausbildung erhielt er von renommierten Lehrern wie Maestro Miguel Baraldes und Maestro Carlo Bergonzi, einem herausragenden Tenor und Hauptgesangspartner von Maria Callas, von dem er sein Diplom erwarb.<\/p>\n<p>Es ist interessant zu spekulieren, wie Mentoren und Vorbilder das Leben und die Karriere von K\u00fcnstlern beeinflussen k\u00f6nnen. Die tiefe Bindung zu Al Jarreau k\u00f6nnte ebenfalls wichtige Impulse gegeben haben. Solche Beziehungen k\u00f6nnen k\u00fcnstlerisches Wachstum und pers\u00f6nliche Entwicklung stark beeinflussen.<\/p>\n<p>Gregor Pr\u00e4cht zeichnete sich bereits im Alter von 19 Jahren aus, als er als erster K\u00fcnstler das Orchester der Dresdner Philharmonie f\u00fcr Crossover-Projekte gewann. Er tourte im Alter von 21 Jahren durch die USA und sang mit 25 Jahren in den wichtigsten europ\u00e4ischen St\u00e4dten, darunter \u00d6sterreich, Italien und Skandinavien.<\/p>\n<p>Sein erstes Konzert in Hawaii im Jahr 1992 markierte einen Meilenstein in seiner Karriere. Gregor Pr\u00e4cht hat im Laufe seiner Karriere im Duett mit bekannten K\u00fcnstlern wie Al Jarreau, Toni Childs, Adrian Werum, Klaus Meine (Scorpions), Henry Kapono, <span>Antonia Bennett, Jamie Lawrence, Judith Lefeber(DSDS\/rtl), Gipsy Kings, Philippe Chretien, Anna Maria Kaufmann, \u00a0Luc Plamondon, Alex Wilson, TicTacToe, Patricia Kelly, Paula Be, Kiko Masbaum, Valerio Calisse, Francesca Garbi, Viviana Staffini, Richard Parks, Miguel Baraldes, Lutz Neugebauer, Tom Reif, Luis Miguel und Luciano Pavarotti gearbeitet<\/span>. <span>Er ist die Originalstimme der Animationsserie Simsala Grimm welche seit ihrem Release 1999 in \u00fcber 30 L\u00e4ndern ausgestrahlt wurde.<\/span><\/p>\n<p>Sein Repertoire reicht von den gro\u00dfen Tenorarien und Liedern in Opern- und Konzerts\u00e4len bis hin zu eigenen Kompositionen und Unterhaltungsmusik. Besonders stolz ist er auf sein Lied &#8222;My Song Lives On,&#8220; das er f\u00fcr die echte K\u00f6nigin von Hawaii, Queen Lili&#8217;uokalani, geschrieben hat. Dieses Werk hat ihn mit offiziellen Stellen in Deutschland und Hawaii zusammengebracht.<\/p>\n<p>Gregor Pr\u00e4cht hat zahlreiche Ver\u00f6ffentlichungen, darunter klassische und Live-CDs, Maxisingles mit bekannten K\u00fcnstlern und CDs f\u00fcr Steiff-Teddyb\u00e4ren. Er ist ein K\u00fcnstler mit weltweit steigendem Erfolg und bleibt st\u00e4ndig in Entwicklung.<\/p>\n<p>Neben seiner Leidenschaft f\u00fcr Musik, engagiert er sich f\u00fcr wohlt\u00e4tige Zwecke, insbesondere f\u00fcr kranke Kinder und Waisenkinder. Er ist aktiv in der Nachwuchsf\u00f6rderung t\u00e4tig.<\/p>\n<p>Gregor Pr\u00e4cht ist ein stets reisender Mensch, der von neuen Erfahrungen und seinen Vorbildern wie Pl\u00e1cido Domingo und Luciano Pavarotti lernt. Quincy Jones beschreibt ihn treffend als &#8222;die Stimme der Zukunft und des Heute,&#8220; und Al Jarreau bezeichnet ihn als &#8222;eine einzigartige Stimme und wertvollsten Mensch.&#8220; In seinem Leben dreht sich alles um Musik, seine Familie, Freunde und Fans.<\/p>\n<p>Zus\u00e4tzlich zu seinen vielf\u00e4ltigen musikalischen Erfahrungen hatte Gregor Pr\u00e4cht auch die Gelegenheit, gemeinsame Auftritte mit den renommierten Gipsy Kings zu erleben. Diese kollaborativen Auftritte bereicherten sein Repertoire und zeigten seine F\u00e4higkeit, sich in verschiedenen Musikstilen zu behaupten und mit weltweit angesehenen K\u00fcnstlern zusammenzuarbeiten. Die Verbindung zu den Gipsy Kings ist ein weiterer beeindruckender Meilenstein in der beeindruckenden Karriere von Gregor Pr\u00e4cht.<\/p>\n<p>Im Zeitraum von 2022 bis 2023 setzte Gregor Pr\u00e4cht sein musikalisches Engagement fort, indem er monatliche Recitals f\u00fcr Nordoff Robbins Musiktherapie veranstaltete. Diese wertvolle Arbeit zeigte sein soziales Engagement und seinen Einsatz, um durch Musik anderen zu helfen.<\/p>\n<p>Ein weiterer H\u00f6hepunkt in dieser Zeit war die glanzvolle Gala mit dem St. Petersburger Symphonie Orchester in Meerbusch. Diese Veranstaltung unterstreicht seine F\u00e4higkeit, auf internationaler Ebene mit renommierten Orchestern aufzutreten und seine musikalische Exzellenz zu pr\u00e4sentieren.<\/p>\n<p>Dar\u00fcber hinaus begeisterte Gregor Pr\u00e4cht sein Publikum mit zwei ausverkauften Shows anl\u00e4sslich seines 40-j\u00e4hrigen B\u00fchnenjubil\u00e4ums in M\u00fcnchen. Dieses bedeutende Jubil\u00e4um ist ein Beweis f\u00fcr seine anhaltende Beliebtheit und sein Talent, Menschen auf der ganzen Welt mit seiner Musik zu begeistern.<\/p>\n<p>Seit 2019 ist Gregor Pr\u00e4cht auch ein offizielles Mitglied des Grammy Voting. Diese Anerkennung in der Musikindustrie ist ein weiterer Beweis f\u00fcr seine Expertise und sein Engagement in der Welt der Musik. Seine Mitgliedschaft erm\u00f6glicht es ihm, an der Auswahl und Bewertung von herausragenden musikalischen Leistungen teilzunehmen und die Zukunft der Musik mitzugestalten.<\/p>\n<p>Im Jahr 2019 wurde Gregor Pr\u00e4cht f\u00fcr seine herausragenden musikalischen Leistungen und seine Verdienste in der Musik an zwei renommierten Universit\u00e4ten der Ehrentitel &#8222;Prof. h.c.&#8220; (Professor ehrenhalber) verliehen. Diese Auszeichnungen unterstreichen seine au\u00dfergew\u00f6hnliche musikalische Expertise und seinen Beitrag zur musikalischen Bildung und Kultur. Gregor Pr\u00e4cht wurde somit f\u00fcr sein Engagement und seinen Einfluss in der Musikwelt auf h\u00f6chster akademischer Ebene geehrt.<\/p>\n<p>[\/et_pb_toggle][et_pb_code _builder_version=&#8220;4.21.0&#8243; _module_preset=&#8220;default&#8220; global_colors_info=&#8220;{}&#8220;][\/et_pb_code][et_pb_toggle title=&#8220;K\u00fcnsterlischer Lebenslauf&#8220; closed_toggle_background_color=&#8220;#FFFFFF&#8220; icon_color=&#8220;#000000&#8243; _builder_version=&#8220;4.21.0&#8243; _module_preset=&#8220;default&#8220; title_text_color=&#8220;#000000&#8243; title_font=&#8220;Playfair Display|700|||||||&#8220; body_font=&#8220;Playfair Display||||||||&#8220; body_text_color=&#8220;#1F1F1F&#8220; body_font_size=&#8220;17px&#8220; z_index=&#8220;500&#8243; custom_margin=&#8220;6px|||||&#8220; border_radii=&#8220;on|20px|20px|20px|20px&#8220; global_colors_info=&#8220;{}&#8220;]<\/p>\n<ul>\n<li><span>Allgemeine Musikausbildung mit 5 Jahren an privaten Musikschulen.<\/span><\/li>\n<li>Stimmbildung im Alter ab 8 Jahren, mit 11 Jahren bei A. Puchner.<\/li>\n<li>Abitur am Musischen Gymnasium in Musik\/Englisch\/Wirtschaft-R\/Deutsch. Gesangsausbildung ab 16 Jahren bei P. Petrov (Ru\u00dfland), M. Baraldes (Spanien) und Carlo Bergonzi (Italien).<\/li>\n<li>1990 &#8211; Auftritt w\u00e4hrend der Salzburger Festspiele &#8211; Ostergala in der Aula u. a. mit Karl Ridderbusch.<\/li>\n<li><em>Magie der Musik<\/em>-Benefizgala mit den Dresdner Philharmonikern und internationalen Starsolisten (erste SAT 1 \u2013 Aufzeichnung).<\/li>\n<li><em>Canzoni d \u0301amore<\/em> Liederabende und \u2013 galas.<\/li>\n<li>1992 &#8211; Liederabende mit dem Dirigenten Carl-Robert Helg (T.V. u. Radio).<\/li>\n<li>1992 &#8211; Meisters\u00e4ngertitel von Mo Carlo Bergonzi an der Accademia Verdiana, Busseto\/Italien.<\/li>\n<li>Bis 1999 am theater parma verschiedene Opernproduktionen in Verbindung mit der Accademia (gran teatro).<\/li>\n<li>Traditionelle Weihnachtskonzerte in der N\u00fcrnberger Friedenskirche.<\/li>\n<li>Internationale Osterkonzerte seit 1992 (Kirchen und Konzerts\u00e4le).<\/li>\n<li>Galakonzert mit ORF &#8211; Aufzeichnung der 170-Jahresfeier des Weihnachtsliedes &#8222;Stille Nacht &#8211; Heilige Nacht&#8220; in F\u00fcgen, Zillertal. Hauptk\u00fcnstler des Konzertes\/TV-Show.<\/li>\n<li>1994 &#8211; <em>Concerts for Kids<\/em> in den USA &#8211; verschiedene, klassische Konzerte f\u00fcr Kinder in Schulen und Konzerthallen.<\/li>\n<li>1994 &#8211; Aufnahmen mit David Benoit &#8211; Demo-CD <em>Musikalische Welten<\/em> &#8211; erste Arie der gemeinsamen Oper <em>Central Park<\/em> in den Oceanway Studios und 29th Street Studios, Los Angeles.<\/li>\n<li>1994 &#8211; Er\u00f6ffnungsfeierlichkeiten des neuen Kunst Kulturcenters \/ Opernhauses mit dem Maui Symphony Orchestra auf Maui\/Hawaii, f\u00fcr die Vereinigten Staaten von Amerika, (Senat) klassische Auff\u00fchrung der Carmina Burana von Carl Orff eingeschlossen.<\/li>\n<li>1990-96 &#8211; &#8222;ein Abend mit GREGOR PR\u00c4CHT, Tenor&#8230;&#8220; &#8211; Auftritte in Deutschland, \u00d6sterreich, Schweiz, England, und den USA.<\/li>\n<li>1996-99 Auff\u00fchrungen \/ verschiedene Rollen am Opernh\u00e4usern und Festspielen in Europa und den USA (u.a. Portland Opera).<\/li>\n<\/ul>\n<p>[\/et_pb_toggle][et_pb_toggle title=&#8220;Weitere Projekte&#8220; closed_toggle_background_color=&#8220;#FFFFFF&#8220; icon_color=&#8220;#000000&#8243; _builder_version=&#8220;4.21.0&#8243; _module_preset=&#8220;default&#8220; title_text_color=&#8220;#000000&#8243; title_font=&#8220;Playfair Display|700|||||||&#8220; body_font=&#8220;Playfair Display||||||||&#8220; body_text_color=&#8220;#1F1F1F&#8220; body_font_size=&#8220;17px&#8220; body_link_font=&#8220;|700|||||||&#8220; body_link_text_color=&#8220;#000000&#8243; z_index=&#8220;500&#8243; border_radii=&#8220;on|20px|20px|20px|20px&#8220; global_colors_info=&#8220;{}&#8220;]<\/p>\n<ul>\n<li>1981-1984 &#8211; Opernauftritte in <em>Der kleine Schornsteinfeger<\/em> und <em>H\u00e4nsel und Gretel<\/em>, an der Oper N\u00fcrnberg.<\/li>\n<li>1986-1988 &#8211; verschiedene Auftritte zu Gunsten von K.H. B\u00f6hms Hilfsorganisation <em>Menschen f\u00fcr Menschen,<\/em> Studioaufnahmen und Liederabende.<\/li>\n<li>1990 <em>Ebe for Africa<\/em>, Gala mit verschiedenen K\u00fcnstlern, Gregor Pr\u00e4cht mit Piano solo.<\/li>\n<li>Leitung, Hauptrolle, Produktion in dem eigeninszenierten Musical <em>A Chorus Line<\/em> 1985\u201387 im daf\u00fcr umgebauten Theater in N\u00fcrnberg.<\/li>\n<li>1985-1990 w\u00f6chentliche Gottesdienste und Konzerte mit dem International Baptist Gospelchoir sowie Gr\u00fcndung und Leitung der <em>Curt Goetz-Theatergruppe<\/em>, eigene Schauspielschule mit regelm\u00e4\u00dfigen Auff\u00fchrungen.<\/li>\n<li>Diverse Jazz\/Klassik +Crossover-Produktionen f\u00fcr klassische Liederabende und Arie Antiche mit den gr\u00f6\u00dften Jazzmusikern der USA, David Benoit (Piano) und Eric Marienthal (Saxophon).<\/li>\n<li>1992 &#8211; Ver\u00f6ffentlichung seines ersten lyrischen Buches <em>Gedanken und Gedichte<\/em>.<\/li>\n<li>Hauptrolle in dem Film <em>Laughing boy-Song from the Heart<\/em>, Marlboro Project 1992 Santa Fe, New Mexico &#8211; eine Geschichte \u00fcber das Zusammentreffen der indianischen und europ\u00e4ischen Kulturen.<\/li>\n<li><span>J\u00e4hrliche Adventskonzerte im Monastero Santa Maria degli Angeli Italien, highlighted in der Sendung &#8222;Frohes Fest mit Fritz Egner\u201c, SAT1 1997<\/span><\/li>\n<li>Gregor Pr\u00e4cht TV-Show und Interviews u.a. mit Quincy Jones, Al Jarreau, Joe Sample, David Benoit, Beach Boys, Michel Legrand, Elton John, Depeche Mode u.a. auf FF (Frequenz RTL Bayern).<\/li>\n<li><span>Theatre MACC inspiriert von Gregor Pr\u00e4cht auf Maui Hawaii gebaut, Er\u00f6ffnungsshow 3 mal ausverkauft<\/span><\/li>\n<li><span>Gregor Pr\u00e4cht Masterclasses seit 2012<\/span><\/li>\n<li><span>RHONY\/Bravo TV Gastperformer 2017\/2018<\/span><\/li>\n<li><span>Schauspielschule David Gideon, Lee Strassberg, NYC 2017-2023<\/span><span><\/span><\/li>\n<li><span>Performances in allen grossen europ\u00e4ischen Samstagabendshows\/Musicshows<\/span><\/li>\n<li><span>Ronald McDonald Waisenhaus Patronate<\/span><\/li>\n<li><span>Beirat Nordoff Robbins Musiktherapie Deutschland<\/span><\/li>\n<li><span>Beirat Matchspace Music<\/span><\/li>\n<li><span>Individualized Open Space Music: <a href=\"http:\/\/www.yourkey.me\">www.yourkey.me<\/a><br \/><\/span><\/li>\n<li>&#8222;Glaube mir&#8220; Tour 2025\/26<span><\/span><\/li>\n<\/ul>\n<p>[\/et_pb_toggle][et_pb_toggle title=&#8220;PR Tenor&#8220; closed_toggle_background_color=&#8220;#FFFFFF&#8220; icon_color=&#8220;#000000&#8243; _builder_version=&#8220;4.21.0&#8243; _module_preset=&#8220;default&#8220; title_text_color=&#8220;#000000&#8243; title_font=&#8220;Playfair Display|700|||||||&#8220; body_font=&#8220;Playfair Display||||||||&#8220; body_text_color=&#8220;#1F1F1F&#8220; body_font_size=&#8220;17px&#8220; z_index=&#8220;500&#8243; custom_margin=&#8220;||7px|||&#8220; hover_enabled=&#8220;0&#8243; border_radii=&#8220;on|20px|20px|20px|20px&#8220; global_colors_info=&#8220;{}&#8220; sticky_enabled=&#8220;0&#8243;]<\/p>\n<p><img decoding=\"async\" src=\"https:\/\/gregorpraecht.com\/wp-content\/uploads\/2024\/04\/IMG_9580-rotated.jpg\" width=\"741\" height=\"988\" alt=\"\" class=\"wp-image-1250 alignnone size-medium\" style=\"display: block; margin-left: auto; margin-right: auto;\" \/><img decoding=\"async\" src=\"https:\/\/gregorpraecht.com\/wp-content\/uploads\/2024\/04\/IMG_9579-rotated.jpg\" width=\"754\" height=\"1005\" alt=\"\" class=\"wp-image-1251 alignnone size-medium\" style=\"display: block; margin-left: auto; margin-right: auto;\" \/><img decoding=\"async\" src=\"https:\/\/gregorpraecht.com\/wp-content\/uploads\/2024\/04\/IMG_9578-rotated.jpg\" width=\"722\" height=\"963\" alt=\"\" class=\"wp-image-1252 alignnone size-medium\" style=\"display: block; margin-left: auto; margin-right: auto;\" \/><img decoding=\"async\" src=\"https:\/\/gregorpraecht.com\/wp-content\/uploads\/2024\/04\/IMG_9576-rotated.jpg\" width=\"720\" height=\"960\" alt=\"\" class=\"wp-image-1253 alignnone size-medium\" style=\"display: block; margin-left: auto; margin-right: auto;\" \/><br \/><img decoding=\"async\" src=\"https:\/\/gregorpraecht.com\/wp-content\/uploads\/2024\/04\/IMG_9577-rotated.jpg\" width=\"718\" height=\"957\" alt=\"\" class=\"wp-image-1254 alignnone size-medium\" style=\"display: block; margin-left: auto; margin-right: auto;\" \/><img decoding=\"async\" src=\"https:\/\/gregorpraecht.com\/wp-content\/uploads\/2024\/04\/IMG_9575.jpg\" width=\"715\" height=\"953\" alt=\"\" class=\"wp-image-1255 alignnone size-medium\" style=\"display: block; margin-left: auto; margin-right: auto;\" \/><br \/><img decoding=\"async\" src=\"https:\/\/gregorpraecht.com\/wp-content\/uploads\/2024\/04\/IMG_9574-rotated.jpg\" width=\"718\" height=\"957\" alt=\"\" class=\"wp-image-1256 alignnone size-medium\" style=\"display: block; margin-left: auto; margin-right: auto;\" \/><br \/><img decoding=\"async\" src=\"https:\/\/gregorpraecht.com\/wp-content\/uploads\/2024\/04\/IMG_9573-rotated.jpg\" width=\"718\" height=\"957\" alt=\"\" class=\"wp-image-1257 alignnone size-medium\" style=\"display: block; margin-left: auto; margin-right: auto;\" \/><br \/><img decoding=\"async\" src=\"https:\/\/gregorpraecht.com\/wp-content\/uploads\/2024\/04\/IMG_9572-rotated.jpg\" width=\"716\" height=\"955\" alt=\"\" class=\"wp-image-1258 alignnone size-medium\" style=\"display: block; margin-left: auto; margin-right: auto;\" \/><br \/><img decoding=\"async\" src=\"https:\/\/gregorpraecht.com\/wp-content\/uploads\/2024\/04\/IMG_9571-rotated.jpg\" width=\"717\" height=\"956\" alt=\"\" class=\"wp-image-1259 alignnone size-medium\" style=\"display: block; margin-left: auto; margin-right: auto;\" \/><br \/><img decoding=\"async\" src=\"https:\/\/gregorpraecht.com\/wp-content\/uploads\/2024\/04\/IMG_9570-rotated.jpg\" width=\"716\" height=\"955\" alt=\"\" class=\"wp-image-1260 alignnone size-medium\" style=\"display: block; margin-left: auto; margin-right: auto;\" \/><br \/><img decoding=\"async\" src=\"https:\/\/gregorpraecht.com\/wp-content\/uploads\/2024\/04\/IMG_9569-rotated.jpg\" width=\"719\" height=\"959\" alt=\"\" class=\"wp-image-1261 alignnone size-full\" style=\"display: block; margin-left: auto; margin-right: auto;\" \/><br \/><img decoding=\"async\" src=\"https:\/\/gregorpraecht.com\/wp-content\/uploads\/2024\/04\/IMG_9568-rotated.jpg\" width=\"721\" height=\"962\" alt=\"\" class=\"wp-image-1262 alignnone size-full\" style=\"display: block; margin-left: auto; margin-right: auto;\" \/><img decoding=\"async\" src=\"https:\/\/gregorpraecht.com\/wp-content\/uploads\/2024\/04\/IMG_9567.jpg\" width=\"717\" height=\"538\" alt=\"\" class=\"wp-image-1263 alignnone size-full\" style=\"display: block; margin-left: auto; margin-right: auto;\" \/><img decoding=\"async\" src=\"https:\/\/gregorpraecht.com\/wp-content\/uploads\/2024\/04\/IMG_9566-rotated.jpg\" width=\"711\" height=\"948\" alt=\"\" class=\"wp-image-1264 alignnone size-full\" style=\"display: block; margin-left: auto; margin-right: auto;\" \/><img decoding=\"async\" src=\"https:\/\/gregorpraecht.com\/wp-content\/uploads\/2024\/04\/IMG_9565-rotated.jpg\" width=\"714\" height=\"952\" alt=\"\" class=\"wp-image-1265 alignnone size-full\" style=\"display: block; margin-left: auto; margin-right: auto;\" \/><img decoding=\"async\" src=\"https:\/\/gregorpraecht.com\/wp-content\/uploads\/2024\/04\/IMG_9564.jpg\" width=\"711\" height=\"533\" alt=\"\" class=\"wp-image-1266 alignnone size-full\" style=\"display: block; margin-left: auto; margin-right: auto;\" \/><img decoding=\"async\" src=\"https:\/\/gregorpraecht.com\/wp-content\/uploads\/2024\/04\/IMG_9563-rotated.jpg\" width=\"711\" height=\"948\" alt=\"\" class=\"wp-image-1267 alignnone size-full\" style=\"display: block; margin-left: auto; margin-right: auto;\" \/><img decoding=\"async\" src=\"https:\/\/gregorpraecht.com\/wp-content\/uploads\/2024\/04\/IMG_9561.jpg\" width=\"707\" height=\"531\" alt=\"\" class=\"wp-image-1269 alignnone size-full\" style=\"display: block; margin-left: auto; margin-right: auto;\" \/><img decoding=\"async\" src=\"https:\/\/gregorpraecht.com\/wp-content\/uploads\/2024\/04\/IMG_9560-rotated.jpg\" width=\"708\" height=\"944\" alt=\"\" class=\"wp-image-1270 alignnone size-full\" style=\"display: block; margin-left: auto; margin-right: auto;\" \/><img decoding=\"async\" src=\"https:\/\/gregorpraecht.com\/wp-content\/uploads\/2024\/04\/IMG_9559-rotated.jpg\" width=\"710\" height=\"947\" alt=\"\" class=\"wp-image-1271 alignnone size-full\" style=\"display: block; margin-left: auto; margin-right: auto;\" \/><\/p>\n<p><img decoding=\"async\" src=\"https:\/\/gregorpraecht.com\/wp-content\/uploads\/2025\/01\/The-\u2018Housewives-wedding-you-wont-see-on-TV-Page-Six-1-scaled.jpg\" width=\"1507\" height=\"2560\" alt=\"\" class=\"wp-image-1553 alignnone size-full\" srcset=\"https:\/\/gregorpraecht.com\/wp-content\/uploads\/2025\/01\/The-\u2018Housewives-wedding-you-wont-see-on-TV-Page-Six-1-scaled.jpg 1507w, https:\/\/gregorpraecht.com\/wp-content\/uploads\/2025\/01\/The-\u2018Housewives-wedding-you-wont-see-on-TV-Page-Six-1-177x300.jpg 177w, https:\/\/gregorpraecht.com\/wp-content\/uploads\/2025\/01\/The-\u2018Housewives-wedding-you-wont-see-on-TV-Page-Six-1-603x1024.jpg 603w, https:\/\/gregorpraecht.com\/wp-content\/uploads\/2025\/01\/The-\u2018Housewives-wedding-you-wont-see-on-TV-Page-Six-1-768x1304.jpg 768w, https:\/\/gregorpraecht.com\/wp-content\/uploads\/2025\/01\/The-\u2018Housewives-wedding-you-wont-see-on-TV-Page-Six-1-904x1536.jpg 904w, https:\/\/gregorpraecht.com\/wp-content\/uploads\/2025\/01\/The-\u2018Housewives-wedding-you-wont-see-on-TV-Page-Six-1-1206x2048.jpg 1206w, https:\/\/gregorpraecht.com\/wp-content\/uploads\/2025\/01\/The-\u2018Housewives-wedding-you-wont-see-on-TV-Page-Six-1-7x12.jpg 7w, https:\/\/gregorpraecht.com\/wp-content\/uploads\/2025\/01\/The-\u2018Housewives-wedding-you-wont-see-on-TV-Page-Six-1-1080x1834.jpg 1080w, https:\/\/gregorpraecht.com\/wp-content\/uploads\/2025\/01\/The-\u2018Housewives-wedding-you-wont-see-on-TV-Page-Six-1-1280x2174.jpg 1280w, https:\/\/gregorpraecht.com\/wp-content\/uploads\/2025\/01\/The-\u2018Housewives-wedding-you-wont-see-on-TV-Page-Six-1-980x1665.jpg 980w, https:\/\/gregorpraecht.com\/wp-content\/uploads\/2025\/01\/The-\u2018Housewives-wedding-you-wont-see-on-TV-Page-Six-1-480x815.jpg 480w\" sizes=\"(max-width: 1507px) 100vw, 1507px\" \/><\/p>\n<p><img decoding=\"async\" src=\"https:\/\/gregorpraecht.com\/wp-content\/uploads\/2025\/01\/panorama_portrait_seiten_1bis6-scaled.jpg\" width=\"1810\" height=\"2560\" alt=\"\" class=\"wp-image-1559 alignnone size-full\" srcset=\"https:\/\/gregorpraecht.com\/wp-content\/uploads\/2025\/01\/panorama_portrait_seiten_1bis6-scaled.jpg 1810w, https:\/\/gregorpraecht.com\/wp-content\/uploads\/2025\/01\/panorama_portrait_seiten_1bis6-1280x1810.jpg 1280w, https:\/\/gregorpraecht.com\/wp-content\/uploads\/2025\/01\/panorama_portrait_seiten_1bis6-980x1386.jpg 980w, https:\/\/gregorpraecht.com\/wp-content\/uploads\/2025\/01\/panorama_portrait_seiten_1bis6-480x679.jpg 480w\" sizes=\"(min-width: 0px) and (max-width: 480px) 480px, (min-width: 481px) and (max-width: 980px) 980px, (min-width: 981px) and (max-width: 1280px) 1280px, (min-width: 1281px) 1810px, 100vw\" \/><img decoding=\"async\" src=\"https:\/\/gregorpraecht.com\/wp-content\/uploads\/2025\/01\/panorama_portrait_seiten_2-scaled.jpg\" width=\"1810\" height=\"2560\" alt=\"\" class=\"wp-image-1558 alignnone size-full\" srcset=\"https:\/\/gregorpraecht.com\/wp-content\/uploads\/2025\/01\/panorama_portrait_seiten_2-scaled.jpg 1810w, https:\/\/gregorpraecht.com\/wp-content\/uploads\/2025\/01\/panorama_portrait_seiten_2-1280x1810.jpg 1280w, https:\/\/gregorpraecht.com\/wp-content\/uploads\/2025\/01\/panorama_portrait_seiten_2-980x1386.jpg 980w, https:\/\/gregorpraecht.com\/wp-content\/uploads\/2025\/01\/panorama_portrait_seiten_2-480x679.jpg 480w\" sizes=\"(min-width: 0px) and (max-width: 480px) 480px, (min-width: 481px) and (max-width: 980px) 980px, (min-width: 981px) and (max-width: 1280px) 1280px, (min-width: 1281px) 1810px, 100vw\" \/><img decoding=\"async\" src=\"https:\/\/gregorpraecht.com\/wp-content\/uploads\/2025\/01\/panorama_portrait_seiten_3-scaled.jpg\" width=\"1810\" height=\"2560\" alt=\"\" class=\"wp-image-1557 alignnone size-full\" srcset=\"https:\/\/gregorpraecht.com\/wp-content\/uploads\/2025\/01\/panorama_portrait_seiten_3-scaled.jpg 1810w, https:\/\/gregorpraecht.com\/wp-content\/uploads\/2025\/01\/panorama_portrait_seiten_3-1280x1810.jpg 1280w, https:\/\/gregorpraecht.com\/wp-content\/uploads\/2025\/01\/panorama_portrait_seiten_3-980x1386.jpg 980w, https:\/\/gregorpraecht.com\/wp-content\/uploads\/2025\/01\/panorama_portrait_seiten_3-480x679.jpg 480w\" sizes=\"(min-width: 0px) and (max-width: 480px) 480px, (min-width: 481px) and (max-width: 980px) 980px, (min-width: 981px) and (max-width: 1280px) 1280px, (min-width: 1281px) 1810px, 100vw\" \/><img decoding=\"async\" src=\"https:\/\/gregorpraecht.com\/wp-content\/uploads\/2025\/01\/panorama_portrait_seiten_4-scaled.jpg\" width=\"1810\" height=\"2560\" alt=\"\" class=\"wp-image-1556 alignnone size-full\" srcset=\"https:\/\/gregorpraecht.com\/wp-content\/uploads\/2025\/01\/panorama_portrait_seiten_4-scaled.jpg 1810w, https:\/\/gregorpraecht.com\/wp-content\/uploads\/2025\/01\/panorama_portrait_seiten_4-1280x1810.jpg 1280w, https:\/\/gregorpraecht.com\/wp-content\/uploads\/2025\/01\/panorama_portrait_seiten_4-980x1386.jpg 980w, https:\/\/gregorpraecht.com\/wp-content\/uploads\/2025\/01\/panorama_portrait_seiten_4-480x679.jpg 480w\" sizes=\"(min-width: 0px) and (max-width: 480px) 480px, (min-width: 481px) and (max-width: 980px) 980px, (min-width: 981px) and (max-width: 1280px) 1280px, (min-width: 1281px) 1810px, 100vw\" \/><img decoding=\"async\" src=\"https:\/\/gregorpraecht.com\/wp-content\/uploads\/2025\/01\/panorama_portrait_seiten_5-scaled.jpg\" width=\"1810\" height=\"2560\" alt=\"\" class=\"wp-image-1555 alignnone size-full\" srcset=\"https:\/\/gregorpraecht.com\/wp-content\/uploads\/2025\/01\/panorama_portrait_seiten_5-scaled.jpg 1810w, https:\/\/gregorpraecht.com\/wp-content\/uploads\/2025\/01\/panorama_portrait_seiten_5-1280x1810.jpg 1280w, https:\/\/gregorpraecht.com\/wp-content\/uploads\/2025\/01\/panorama_portrait_seiten_5-980x1386.jpg 980w, https:\/\/gregorpraecht.com\/wp-content\/uploads\/2025\/01\/panorama_portrait_seiten_5-480x679.jpg 480w\" sizes=\"(min-width: 0px) and (max-width: 480px) 480px, (min-width: 481px) and (max-width: 980px) 980px, (min-width: 981px) and (max-width: 1280px) 1280px, (min-width: 1281px) 1810px, 100vw\" \/><img decoding=\"async\" src=\"https:\/\/gregorpraecht.com\/wp-content\/uploads\/2025\/01\/panorama_portrait_seiten_6-scaled.jpg\" width=\"1810\" height=\"2560\" alt=\"\" class=\"wp-image-1554 alignnone size-full\" srcset=\"https:\/\/gregorpraecht.com\/wp-content\/uploads\/2025\/01\/panorama_portrait_seiten_6-scaled.jpg 1810w, https:\/\/gregorpraecht.com\/wp-content\/uploads\/2025\/01\/panorama_portrait_seiten_6-1280x1810.jpg 1280w, https:\/\/gregorpraecht.com\/wp-content\/uploads\/2025\/01\/panorama_portrait_seiten_6-980x1386.jpg 980w, https:\/\/gregorpraecht.com\/wp-content\/uploads\/2025\/01\/panorama_portrait_seiten_6-480x679.jpg 480w\" sizes=\"(min-width: 0px) and (max-width: 480px) 480px, (min-width: 481px) and (max-width: 980px) 980px, (min-width: 981px) and (max-width: 1280px) 1280px, (min-width: 1281px) 1810px, 100vw\" \/><\/p>\n<p><img decoding=\"async\" src=\"https:\/\/gregorpraecht.com\/wp-content\/uploads\/2025\/09\/WhatsApp-Image-2025-09-13-at-04.15.53.jpeg\" width=\"1162\" height=\"1413\" alt=\"\" class=\"wp-image-1738 alignnone size-full\" srcset=\"https:\/\/gregorpraecht.com\/wp-content\/uploads\/2025\/09\/WhatsApp-Image-2025-09-13-at-04.15.53.jpeg 1162w, https:\/\/gregorpraecht.com\/wp-content\/uploads\/2025\/09\/WhatsApp-Image-2025-09-13-at-04.15.53-980x1192.jpeg 980w, https:\/\/gregorpraecht.com\/wp-content\/uploads\/2025\/09\/WhatsApp-Image-2025-09-13-at-04.15.53-480x584.jpeg 480w\" sizes=\"(min-width: 0px) and (max-width: 480px) 480px, (min-width: 481px) and (max-width: 980px) 980px, (min-width: 981px) 1162px, 100vw\" \/> <img decoding=\"async\" src=\"https:\/\/gregorpraecht.com\/wp-content\/uploads\/2025\/09\/WhatsApp-Image-2025-09-13-at-04.09.18-1.jpeg\" width=\"940\" height=\"1600\" alt=\"\" class=\"wp-image-1737 alignnone size-full\" srcset=\"https:\/\/gregorpraecht.com\/wp-content\/uploads\/2025\/09\/WhatsApp-Image-2025-09-13-at-04.09.18-1.jpeg 940w, https:\/\/gregorpraecht.com\/wp-content\/uploads\/2025\/09\/WhatsApp-Image-2025-09-13-at-04.09.18-1-480x817.jpeg 480w\" sizes=\"(min-width: 0px) and (max-width: 480px) 480px, (min-width: 481px) 940px, 100vw\" \/><\/p>\n<p>&nbsp;<\/p>\n<p>[\/et_pb_toggle][\/et_pb_column][et_pb_column type=&#8220;1_3&#8243; disabled_on=&#8220;on|off|off&#8220; _builder_version=&#8220;4.21.0&#8243; _module_preset=&#8220;default&#8220; border_radii=&#8220;on|36px|36px|36px|36px&#8220; global_colors_info=&#8220;{}&#8220;][et_pb_slider arrows_custom_color=&#8220;#000000&#8243; dot_nav_custom_color=&#8220;#FFFFFF&#8220; _builder_version=&#8220;4.21.0&#8243; _module_preset=&#8220;default&#8220; background_color=&#8220;RGBA(255,255,255,0)&#8220; custom_padding=&#8220;||20px|||&#8220; auto=&#8220;on&#8220; auto_speed=&#8220;4000&#8243; global_colors_info=&#8220;{}&#8220;][et_pb_slide image=&#8220;https:\/\/gregorpraecht.com\/wp-content\/uploads\/2023\/09\/WhatsApp-Image-2023-09-03-at-13.03.28.jpeg&#8220; _builder_version=&#8220;4.21.0&#8243; _module_preset=&#8220;default&#8220; global_colors_info=&#8220;{}&#8220; sticky_transition=&#8220;on&#8220;][\/et_pb_slide][et_pb_slide image=&#8220;https:\/\/gregorpraecht.com\/wp-content\/uploads\/2024\/04\/WhatsApp-Image-2024-04-03-at-06.13.00.jpeg&#8220; _builder_version=&#8220;4.21.0&#8243; _module_preset=&#8220;default&#8220; global_colors_info=&#8220;{}&#8220; sticky_transition=&#8220;on&#8220;][\/et_pb_slide][et_pb_slide image=&#8220;https:\/\/gregorpraecht.com\/wp-content\/uploads\/2023\/08\/WhatsApp-Image-2023-08-29-at-05.37.00.jpeg&#8220; _builder_version=&#8220;4.21.0&#8243; _module_preset=&#8220;default&#8220; global_colors_info=&#8220;{}&#8220; sticky_transition=&#8220;on&#8220;][\/et_pb_slide][et_pb_slide image=&#8220;https:\/\/gregorpraecht.com\/wp-content\/uploads\/2023\/08\/8DA4E3FF-1284-4843-A0C0-9631C2D3AA55.jpg&#8220; _builder_version=&#8220;4.21.0&#8243; _module_preset=&#8220;default&#8220; global_colors_info=&#8220;{}&#8220; sticky_transition=&#8220;on&#8220;][\/et_pb_slide][\/et_pb_slider][\/et_pb_column][\/et_pb_row][et_pb_row disabled_on=&#8220;off|on|on&#8220; _builder_version=&#8220;4.21.0&#8243; _module_preset=&#8220;default&#8220; width=&#8220;90%&#8220; max_width=&#8220;1638px&#8220; global_colors_info=&#8220;{}&#8220;][et_pb_column type=&#8220;4_4&#8243; _builder_version=&#8220;4.21.0&#8243; _module_preset=&#8220;default&#8220; global_colors_info=&#8220;{}&#8220;][et_pb_slider _builder_version=&#8220;4.21.0&#8243; _module_preset=&#8220;default&#8220; min_height=&#8220;350px&#8220; border_radii=&#8220;on|4px|4px|4px|4px&#8220; border_width_all=&#8220;0px&#8220; global_colors_info=&#8220;{}&#8220;][et_pb_slide _builder_version=&#8220;4.21.0&#8243; _module_preset=&#8220;default&#8220; background_color=&#8220;RGBA(255,255,255,0)&#8220; background_enable_color=&#8220;on&#8220; background_image=&#8220;https:\/\/gregorpraecht.com\/wp-content\/uploads\/2023\/08\/IMG_8618-scaled.jpg&#8220; background_enable_image=&#8220;on&#8220; background_position=&#8220;top_center&#8220; border_radii_image=&#8220;on|2px|2px|2px|2px&#8220; border_width_all_image=&#8220;0px&#8220; global_colors_info=&#8220;{}&#8220; sticky_transition=&#8220;on&#8220;][\/et_pb_slide][et_pb_slide _builder_version=&#8220;4.21.0&#8243; _module_preset=&#8220;default&#8220; background_color=&#8220;RGBA(255,255,255,0)&#8220; background_enable_color=&#8220;on&#8220; background_image=&#8220;https:\/\/gregorpraecht.com\/wp-content\/uploads\/2023\/08\/WhatsApp-Image-2023-08-29-at-05.37.00.jpeg&#8220; background_enable_image=&#8220;on&#8220; global_colors_info=&#8220;{}&#8220; sticky_transition=&#8220;on&#8220;][\/et_pb_slide][et_pb_slide _builder_version=&#8220;4.21.0&#8243; _module_preset=&#8220;default&#8220; background_color=&#8220;RGBA(255,255,255,0)&#8220; background_enable_color=&#8220;on&#8220; background_image=&#8220;https:\/\/gregorpraecht.com\/wp-content\/uploads\/2023\/08\/8DA4E3FF-1284-4843-A0C0-9631C2D3AA55.jpg&#8220; background_enable_image=&#8220;on&#8220; global_colors_info=&#8220;{}&#8220; sticky_transition=&#8220;on&#8220;][\/et_pb_slide][\/et_pb_slider][\/et_pb_column][\/et_pb_row][et_pb_row disabled_on=&#8220;on|on|off&#8220; _builder_version=&#8220;4.21.0&#8243; _module_preset=&#8220;default&#8220; background_color=&#8220;RGBA(255,255,255,0)&#8220; positioning=&#8220;fixed&#8220; position_origin_f=&#8220;top_right&#8220; vertical_offset=&#8220;134px&#8220; z_index=&#8220;100&#8243; width=&#8220;225px&#8220; max_width=&#8220;2560px&#8220; height=&#8220;400px&#8220; custom_margin=&#8220;0px|0px|0px|0px|false|false&#8220; custom_padding=&#8220;0px|0px|0px|0px|false|false&#8220; global_module=&#8220;1511&#8243; saved_tabs=&#8220;all&#8220; global_colors_info=&#8220;{}&#8220;][et_pb_column type=&#8220;4_4&#8243; _builder_version=&#8220;4.21.0&#8243; _module_preset=&#8220;default&#8220; global_colors_info=&#8220;{}&#8220;][et_pb_button button_url=&#8220;\/gallery&#8220; button_text=&#8220;Gallerie&#8220; button_alignment=&#8220;right&#8220; _builder_version=&#8220;4.21.0&#8243; _module_preset=&#8220;default&#8220; custom_button=&#8220;on&#8220; button_bg_color=&#8220;#FFFFFF&#8220; button_border_radius=&#8220;57px&#8220; button_font=&#8220;Playfair Display||||||||&#8220; positioning=&#8220;relative&#8220; position_origin_r=&#8220;bottom_right&#8220; custom_margin=&#8220;|10px|9px||false|false&#8220; custom_padding=&#8220;||||false|false&#8220; global_colors_info=&#8220;{}&#8220;][\/et_pb_button][et_pb_button button_url=&#8220;@ET-DC@eyJkeW5hbWljIjp0cnVlLCJjb250ZW50IjoicG9zdF9saW5rX3VybF9wYWdlIiwic2V0dGluZ3MiOnsicG9zdF9pZCI6IjE1MDMifX0=@&#8220; button_text=&#8220;Catalogue&#8220; button_alignment=&#8220;right&#8220; _builder_version=&#8220;4.21.0&#8243; _dynamic_attributes=&#8220;button_url&#8220; _module_preset=&#8220;default&#8220; custom_button=&#8220;on&#8220; button_bg_color=&#8220;#FFFFFF&#8220; button_border_radius=&#8220;57px&#8220; button_font=&#8220;Playfair Display||||||||&#8220; positioning=&#8220;relative&#8220; custom_margin=&#8220;|10px|11px||false|false&#8220; global_colors_info=&#8220;{}&#8220;][\/et_pb_button][et_pb_button button_url=&#8220;@ET-DC@eyJkeW5hbWljIjp0cnVlLCJjb250ZW50IjoicG9zdF9saW5rX3VybF9wYWdlIiwic2V0dGluZ3MiOnsicG9zdF9pZCI6IjE0OTQifX0=@&#8220; button_text=&#8220;Biography&#8220; button_alignment=&#8220;right&#8220; _builder_version=&#8220;4.21.0&#8243; _dynamic_attributes=&#8220;button_url&#8220; _module_preset=&#8220;default&#8220; custom_button=&#8220;on&#8220; button_bg_color=&#8220;#FFFFFF&#8220; button_border_radius=&#8220;57px&#8220; button_font=&#8220;Playfair Display||||||||&#8220; positioning=&#8220;relative&#8220; custom_margin=&#8220;|10px|11px||false|false&#8220; global_colors_info=&#8220;{}&#8220;][\/et_pb_button][et_pb_button button_url=&#8220;https:\/\/spesmusica.com&#8220; url_new_window=&#8220;on&#8220; button_text=&#8220;Spesmusica&#8220; button_alignment=&#8220;right&#8220; module_id=&#8220;grow&#8220; module_class=&#8220;grow&#8220; _builder_version=&#8220;4.21.0&#8243; _module_preset=&#8220;default&#8220; custom_button=&#8220;on&#8220; button_bg_color=&#8220;#FFFFFF&#8220; button_border_radius=&#8220;57px&#8220; button_font=&#8220;Playfair Display||||||||&#8220; positioning=&#8220;relative&#8220; custom_margin=&#8220;|10px|12px||false|false&#8220; custom_css_main_element=&#8220;.grow {||  text-align: center;||  animation: grow-animation 2s linear infinite;||}||||@keyframes grow-animation {||  0% { transform: scale(1); }||  50% {transform: scale(1.03); }||  100% {transform: scale(1); }||}&#8220; global_colors_info=&#8220;{}&#8220;][\/et_pb_button][et_pb_button button_url=&#8220;https:\/\/matchspace-music.ch\/ch-de\/teachers\/gregor-pracht&#8220; button_text=&#8220;Coaching&#8220; button_alignment=&#8220;right&#8220; _builder_version=&#8220;4.21.0&#8243; _module_preset=&#8220;default&#8220; custom_button=&#8220;on&#8220; button_bg_color=&#8220;#FFFFFF&#8220; button_border_radius=&#8220;57px&#8220; button_font=&#8220;Playfair Display||||||||&#8220; positioning=&#8220;relative&#8220; custom_margin=&#8220;|10px|12px||false|false&#8220; global_colors_info=&#8220;{}&#8220;][\/et_pb_button][et_pb_button button_url=&#8220;@ET-DC@eyJkeW5hbWljIjp0cnVlLCJjb250ZW50IjoicG9zdF9saW5rX3VybF9wYWdlIiwic2V0dGluZ3MiOnsicG9zdF9pZCI6IjgifX0=@&#8220; button_text=&#8220;Jingles&#8220; button_alignment=&#8220;right&#8220; _builder_version=&#8220;4.21.0&#8243; _dynamic_attributes=&#8220;button_url&#8220; _module_preset=&#8220;default&#8220; custom_button=&#8220;on&#8220; button_bg_color=&#8220;#FFFFFF&#8220; button_border_radius=&#8220;57px&#8220; button_font=&#8220;Playfair Display||||||||&#8220; positioning=&#8220;relative&#8220; custom_margin=&#8220;|10px|12px||false|false&#8220; global_colors_info=&#8220;{}&#8220;][\/et_pb_button][\/et_pb_column][\/et_pb_row][\/et_pb_section][et_pb_section fb_built=&#8220;1&#8243; theme_builder_area=&#8220;post_content&#8220; _builder_version=&#8220;4.21.0&#8243; _module_preset=&#8220;default&#8220;][et_pb_row _builder_version=&#8220;4.21.0&#8243; _module_preset=&#8220;default&#8220; theme_builder_area=&#8220;post_content&#8220;][et_pb_column _builder_version=&#8220;4.21.0&#8243; _module_preset=&#8220;default&#8220; theme_builder_area=&#8220;post_content&#8220; type=&#8220;4_4&#8243;][\/et_pb_column][\/et_pb_row][\/et_pb_section]<\/p>",
        "protected": false
    },
    "excerpt": {
        "rendered": "<p>Biographie Tenor &#8211; Komponist &#8211; ProduzentGregor Pr\u00e4cht ist ein vielseitiger Tenor und Musiker, der auch als Texter, Komponist und Produzent erfolgreich ist. Schon in jungen Jahren zeigte er sein Talent, trat mit 11 Jahren auf dem N\u00fcrnberger Christkindlesmarkt auf und sang mit 15 Jahren im United States Army Gospelchor. Er studierte bei renommierten Lehrern wie [&hellip;]<\/p>",
        "protected": false
    },
    "author": 1,
    "featured_media": 0,
    "parent": 0,
    "menu_order": 0,
    "comment_status": "closed",
    "ping_status": "closed",
    "template": "",
    "meta": {
        "_et_pb_use_builder": "on",
        "_et_pb_old_content": "",
        "_et_gb_content_width": "",
        "footnotes": ""
    },
    "class_list": [
        "post-1494",
        "page",
        "type-page",
        "status-publish",
        "hentry"
    ],
    "yoast_head": "<!-- This site is optimized with the Yoast SEO plugin v21.0 - https:\/\/yoast.com\/wordpress\/plugins\/seo\/ -->\n<title>Biographie - Gregor Pr\u00e4cht<\/title>\n<meta name=\"robots\" content=\"index, follow, max-snippet:-1, max-image-preview:large, max-video-preview:-1\" \/>\n<link rel=\"canonical\" href=\"https:\/\/gregorpraecht.com\/de\/biographie\/\" \/>\n<meta property=\"og:locale\" content=\"de_DE\" \/>\n<meta property=\"og:type\" content=\"article\" \/>\n<meta property=\"og:title\" content=\"Biographie - Gregor Pr\u00e4cht\" \/>\n<meta property=\"og:description\" content=\"Biographie Tenor - Komponist - ProduzentGregor Pr\u00e4cht ist ein vielseitiger Tenor und Musiker, der auch als Texter, Komponist und Produzent erfolgreich ist. Schon in jungen Jahren zeigte er sein Talent, trat mit 11 Jahren auf dem N\u00fcrnberger Christkindlesmarkt auf und sang mit 15 Jahren im United States Army Gospelchor. Er studierte bei renommierten Lehrern wie [&hellip;]\" \/>\n<meta property=\"og:url\" content=\"https:\/\/gregorpraecht.com\/de\/biographie\/\" \/>\n<meta property=\"og:site_name\" content=\"Gregor Pr\u00e4cht\" \/>\n<meta property=\"article:modified_time\" content=\"2025-09-13T11:46:34+00:00\" \/>\n<meta property=\"og:image\" content=\"https:\/\/gregorpraecht.com\/wp-content\/uploads\/2024\/04\/IMG_9580-rotated.jpg\" \/>\n<meta name=\"twitter:card\" content=\"summary_large_image\" \/>\n<script type=\"application\/ld+json\" class=\"yoast-schema-graph\">{\"@context\":\"https:\/\/schema.org\",\"@graph\":[{\"@type\":\"WebPage\",\"@id\":\"https:\/\/gregorpraecht.com\/de\/biographie\/\",\"url\":\"https:\/\/gregorpraecht.com\/de\/biographie\/\",\"name\":\"Biographie - Gregor Pr\u00e4cht\",\"isPartOf\":{\"@id\":\"https:\/\/gregorpraecht.com\/#website\"},\"datePublished\":\"2025-01-12T12:56:12+00:00\",\"dateModified\":\"2025-09-13T11:46:34+00:00\",\"breadcrumb\":{\"@id\":\"https:\/\/gregorpraecht.com\/de\/biographie\/#breadcrumb\"},\"inLanguage\":\"de\",\"potentialAction\":[{\"@type\":\"ReadAction\",\"target\":[\"https:\/\/gregorpraecht.com\/de\/biographie\/\"]}]},{\"@type\":\"BreadcrumbList\",\"@id\":\"https:\/\/gregorpraecht.com\/de\/biographie\/#breadcrumb\",\"itemListElement\":[{\"@type\":\"ListItem\",\"position\":1,\"name\":\"Startseite\",\"item\":\"https:\/\/gregorpraecht.com\/de\/\"},{\"@type\":\"ListItem\",\"position\":2,\"name\":\"Biographie\"}]},{\"@type\":\"WebSite\",\"@id\":\"https:\/\/gregorpraecht.com\/#website\",\"url\":\"https:\/\/gregorpraecht.com\/\",\"name\":\"Gregor Pr\u00e4cht\",\"description\":\"Jingle Man - Tenor - Produzent\",\"publisher\":{\"@id\":\"https:\/\/gregorpraecht.com\/#\/schema\/person\/2a9d9ed99da59416772d81edbf32c19f\"},\"alternateName\":\"The Jingle Man\",\"potentialAction\":[{\"@type\":\"SearchAction\",\"target\":{\"@type\":\"EntryPoint\",\"urlTemplate\":\"https:\/\/gregorpraecht.com\/?s={search_term_string}\"},\"query-input\":\"required name=search_term_string\"}],\"inLanguage\":\"de\"},{\"@type\":[\"Person\",\"Organization\"],\"@id\":\"https:\/\/gregorpraecht.com\/#\/schema\/person\/2a9d9ed99da59416772d81edbf32c19f\",\"name\":\"Gregor Pr\u00e4cht\",\"image\":{\"@type\":\"ImageObject\",\"inLanguage\":\"de\",\"@id\":\"https:\/\/gregorpraecht.com\/#\/schema\/person\/image\/\",\"url\":\"https:\/\/gregorpraecht.com\/wp-content\/uploads\/2023\/08\/WhatsApp-Image-2023-08-24-at-17.57.37.jpeg\",\"contentUrl\":\"https:\/\/gregorpraecht.com\/wp-content\/uploads\/2023\/08\/WhatsApp-Image-2023-08-24-at-17.57.37.jpeg\",\"width\":1575,\"height\":1575,\"caption\":\"Gregor Pr\u00e4cht\"},\"logo\":{\"@id\":\"https:\/\/gregorpraecht.com\/#\/schema\/person\/image\/\"},\"sameAs\":[\"http:\/\/gregorpraecht.com\",\"https:\/\/www.instagram.com\/gregorpraechtmusic\/\"]}]}<\/script>\n<!-- \/ Yoast SEO plugin. -->",
    "yoast_head_json": {
        "title": "Biographie - Gregor Pr\u00e4cht",
        "robots": {
            "index": "index",
            "follow": "follow",
            "max-snippet": "max-snippet:-1",
            "max-image-preview": "max-image-preview:large",
            "max-video-preview": "max-video-preview:-1"
        },
        "canonical": "https:\/\/gregorpraecht.com\/de\/biographie\/",
        "og_locale": "de_DE",
        "og_type": "article",
        "og_title": "Biographie - Gregor Pr\u00e4cht",
        "og_description": "Biographie Tenor - Komponist - ProduzentGregor Pr\u00e4cht ist ein vielseitiger Tenor und Musiker, der auch als Texter, Komponist und Produzent erfolgreich ist. Schon in jungen Jahren zeigte er sein Talent, trat mit 11 Jahren auf dem N\u00fcrnberger Christkindlesmarkt auf und sang mit 15 Jahren im United States Army Gospelchor. Er studierte bei renommierten Lehrern wie [&hellip;]",
        "og_url": "https:\/\/gregorpraecht.com\/de\/biographie\/",
        "og_site_name": "Gregor Pr\u00e4cht",
        "article_modified_time": "2025-09-13T11:46:34+00:00",
        "og_image": [
            {
                "url": "https:\/\/gregorpraecht.com\/wp-content\/uploads\/2024\/04\/IMG_9580-rotated.jpg"
            }
        ],
        "twitter_card": "summary_large_image",
        "schema": {
            "@context": "https:\/\/schema.org",
            "@graph": [
                {
                    "@type": "WebPage",
                    "@id": "https:\/\/gregorpraecht.com\/de\/biographie\/",
                    "url": "https:\/\/gregorpraecht.com\/de\/biographie\/",
                    "name": "Biographie - Gregor Pr\u00e4cht",
                    "isPartOf": {
                        "@id": "https:\/\/gregorpraecht.com\/#website"
                    },
                    "datePublished": "2025-01-12T12:56:12+00:00",
                    "dateModified": "2025-09-13T11:46:34+00:00",
                    "breadcrumb": {
                        "@id": "https:\/\/gregorpraecht.com\/de\/biographie\/#breadcrumb"
                    },
                    "inLanguage": "de",
                    "potentialAction": [
                        {
                            "@type": "ReadAction",
                            "target": [
                                "https:\/\/gregorpraecht.com\/de\/biographie\/"
                            ]
                        }
                    ]
                },
                {
                    "@type": "BreadcrumbList",
                    "@id": "https:\/\/gregorpraecht.com\/de\/biographie\/#breadcrumb",
                    "itemListElement": [
                        {
                            "@type": "ListItem",
                            "position": 1,
                            "name": "Startseite",
                            "item": "https:\/\/gregorpraecht.com\/de\/"
                        },
                        {
                            "@type": "ListItem",
                            "position": 2,
                            "name": "Biographie"
                        }
                    ]
                },
                {
                    "@type": "WebSite",
                    "@id": "https:\/\/gregorpraecht.com\/#website",
                    "url": "https:\/\/gregorpraecht.com\/",
                    "name": "Gregor Pr\u00e4cht",
                    "description": "Jingle Man - Tenor - Produzent",
                    "publisher": {
                        "@id": "https:\/\/gregorpraecht.com\/#\/schema\/person\/2a9d9ed99da59416772d81edbf32c19f"
                    },
                    "alternateName": "The Jingle Man",
                    "potentialAction": [
                        {
                            "@type": "SearchAction",
                            "target": {
                                "@type": "EntryPoint",
                                "urlTemplate": "https:\/\/gregorpraecht.com\/?s={search_term_string}"
                            },
                            "query-input": "required name=search_term_string"
                        }
                    ],
                    "inLanguage": "de"
                },
                {
                    "@type": [
                        "Person",
                        "Organization"
                    ],
                    "@id": "https:\/\/gregorpraecht.com\/#\/schema\/person\/2a9d9ed99da59416772d81edbf32c19f",
                    "name": "Gregor Pr\u00e4cht",
                    "image": {
                        "@type": "ImageObject",
                        "inLanguage": "de",
                        "@id": "https:\/\/gregorpraecht.com\/#\/schema\/person\/image\/",
                        "url": "https:\/\/gregorpraecht.com\/wp-content\/uploads\/2023\/08\/WhatsApp-Image-2023-08-24-at-17.57.37.jpeg",
                        "contentUrl": "https:\/\/gregorpraecht.com\/wp-content\/uploads\/2023\/08\/WhatsApp-Image-2023-08-24-at-17.57.37.jpeg",
                        "width": 1575,
                        "height": 1575,
                        "caption": "Gregor Pr\u00e4cht"
                    },
                    "logo": {
                        "@id": "https:\/\/gregorpraecht.com\/#\/schema\/person\/image\/"
                    },
                    "sameAs": [
                        "http:\/\/gregorpraecht.com",
                        "https:\/\/www.instagram.com\/gregorpraechtmusic\/"
                    ]
                }
            ]
        }
    },
    "_links": {
        "self": [
            {
                "href": "http:\/\/gregorpraecht.com\/de\/wp-json\/wp\/v2\/pages\/1494",
                "targetHints": {
                    "allow": [
                        "GET"
                    ]
                }
            }
        ],
        "collection": [
            {
                "href": "http:\/\/gregorpraecht.com\/de\/wp-json\/wp\/v2\/pages"
            }
        ],
        "about": [
            {
                "href": "http:\/\/gregorpraecht.com\/de\/wp-json\/wp\/v2\/types\/page"
            }
        ],
        "author": [
            {
                "embeddable": true,
                "href": "http:\/\/gregorpraecht.com\/de\/wp-json\/wp\/v2\/users\/1"
            }
        ],
        "replies": [
            {
                "embeddable": true,
                "href": "http:\/\/gregorpraecht.com\/de\/wp-json\/wp\/v2\/comments?post=1494"
            }
        ],
        "version-history": [
            {
                "count": 16,
                "href": "http:\/\/gregorpraecht.com\/de\/wp-json\/wp\/v2\/pages\/1494\/revisions"
            }
        ],
        "predecessor-version": [
            {
                "id": 1739,
                "href": "http:\/\/gregorpraecht.com\/de\/wp-json\/wp\/v2\/pages\/1494\/revisions\/1739"
            }
        ],
        "wp:attachment": [
            {
                "href": "http:\/\/gregorpraecht.com\/de\/wp-json\/wp\/v2\/media?parent=1494"
            }
        ],
        "curies": [
            {
                "name": "wp",
                "href": "https:\/\/api.w.org\/{rel}",
                "templated": true
            }
        ]
    }
}